{"id":2342,"date":"2023-01-25T12:44:38","date_gmt":"2023-01-25T11:44:38","guid":{"rendered":"https:\/\/www.tadytomamrad.cz\/?p=2342"},"modified":"2023-01-25T12:58:53","modified_gmt":"2023-01-25T11:58:53","slug":"sen-o-novem-domove-se-stal-skutecnosti","status":"publish","type":"post","link":"https:\/\/www.tadytomamrad.eu\/?p=2342","title":{"rendered":"Sen o Nov\u00e9m domov\u011b se stal skute\u010dnost\u00ed"},"content":{"rendered":"<p><span style=\"color: #000000;\">Kdy\u017e se v roce 1993 narodila Katka, kr\u00e1sn\u00e1 tmavovlas\u00e1 hol\u010di\u010dka, nic nenasv\u011bd\u010dovalo tomu, \u017ee by m\u011bla byla n\u011b\u010d\u00edm jin\u00e1, ne\u017e ostatn\u00ed d\u011bti v porodnici nebo jej\u00ed star\u0161\u00ed sest\u0159i\u010dka, kter\u00e1 se u\u017e na ni t\u011b\u0161ila doma. Bohu\u017eel se pom\u011brn\u011b brzy za\u010daly projevovat odli\u0161nosti v jej\u00edm ment\u00e1ln\u00edm v\u00fdvoji a v p\u011bti letech byl Katce diagnostikov\u00e1n autismus. Kat\u010diny rodi\u010de tehdy sice dostali pap\u00edr s potvrzen\u00edm dce\u0159iny diagn\u00f3zy, ale na v\u0161echno ostatn\u00ed z\u016fstali sami. Autismus byl v t\u00e9 dob\u011b nov\u00e1 diagn\u00f3za a \u017e\u00e1dn\u00e9 soci\u00e1ln\u00ed slu\u017eby specificky ur\u010den\u00e9 pro lidi s autismem v tu dobu neexistovaly.\u00a0<\/span><\/p>\n<p><span style=\"color: #000000;\"><a class=\"dt-pswp-item\" style=\"color: #000000;\" href=\"https:\/\/www.tadytomamrad.cz\/wp-content\/uploads\/2023\/01\/Katka5let-scaled.jpg\" data-dt-img-description=\"\" data-large_image_width=\"2560\" data-large_image_height=\"1761\"><img loading=\"lazy\" decoding=\"async\" class=\"size-medium wp-image-2359 alignleft\" src=\"https:\/\/www.tadytomamrad.cz\/wp-content\/uploads\/2023\/01\/Katka5let-300x206.jpg\" alt=\"\" width=\"300\" height=\"206\" srcset=\"https:\/\/www.tadytomamrad.eu\/wp-content\/uploads\/2023\/01\/Katka5let-300x206.jpg 300w, https:\/\/www.tadytomamrad.eu\/wp-content\/uploads\/2023\/01\/Katka5let-1024x704.jpg 1024w, https:\/\/www.tadytomamrad.eu\/wp-content\/uploads\/2023\/01\/Katka5let-768x528.jpg 768w, https:\/\/www.tadytomamrad.eu\/wp-content\/uploads\/2023\/01\/Katka5let-1536x1056.jpg 1536w, https:\/\/www.tadytomamrad.eu\/wp-content\/uploads\/2023\/01\/Katka5let-2048x1409.jpg 2048w\" sizes=\"auto, (max-width: 300px) 100vw, 300px\" \/><\/a>Pro sv\u00e9 d\u00edt\u011b ud\u011bl\u00e1te v\u0161echno na sv\u011bt\u011b. Chcete, aby se mu \u017eilo l\u00edp.\u00a0<\/span><span style=\"color: #000000;\">Tak za\u010dal mnohalet\u00fd boj za lep\u0161\u00ed z\u00edt\u0159ky nejen mal\u00e9 Kate\u0159iny. Prvn\u00ed byla iniciativa vzniku ter\u00e9nn\u00ed slu\u017eby osobn\u00ed asistence. To se poda\u0159ilo a koncem roku 2004 p\u0159i\u0161li do rodin lid\u00ed s PAS prvn\u00ed asistenti. Bez t\u00e9to slu\u017eby si dnes \u0159ada rodi\u010d\u016f sv\u016fj \u017eivot v\u016fbec nedok\u00e1\u017ee p\u0159edstavit.<\/span><\/p>\n<p><span style=\"color: #000000;\">Ka\u017ed\u00fd m\u00e1 pr\u00e1vo na vzd\u011bl\u00e1n\u00ed bez ohledu na hloubku a charakter jeho hendikepu, ale zapsat d\u00edt\u011b s\u00a0PAS do b\u011b\u017en\u00e9 \u0161koly nebylo mo\u017en\u00e9. \u017d\u00e1dn\u00e1 autistick\u00e1 \u0161kola v\u00a0tu dobu nebyla. Velk\u00fdm \u0161t\u011bst\u00edm bylo p\u0159ijet\u00ed Katky do denn\u00edho stacion\u00e1\u0159e, p\u0159i kter\u00e9m fungovala jedna auti t\u0159\u00edda pro \u0161est d\u011bt\u00ed, jedin\u00e1 na Ji\u017en\u00ed Morav\u011b. Rodi\u010de pak v\u00a0dal\u0161\u00edch letech spole\u010dn\u011b se zap\u00e1len\u00fdmi odborn\u00edky iniciovali vznik prvn\u00ed autistick\u00e9 \u0161koly \u0160tolcova na Ji\u017en\u00ed Morav\u011b.<\/span><\/p>\n<p><span style=\"color: #000000;\">Ale co po \u0161kole? Dal\u0161\u00ed vzd\u011bl\u00e1n\u00ed u\u017e nen\u00ed pro lidi s\u00a0PAS, kte\u0159\u00ed pot\u0159ebuj\u00ed vysokou m\u00edru podpory, dostupn\u00e9. Praktick\u00e1 \u0161kola a ter\u00e9nn\u00ed slu\u017eby jsou jen \u010dasov\u011b omezen\u00fdm \u0159e\u0161en\u00edm. Katka tak tr\u00e1v\u00ed v\u011bt\u0161inu sv\u00fdch dn\u016f doma. A st\u00e1rne nejen Katka, ale i jej\u00ed rodi\u010de. P\u0159esto, \u017ee dceru miluj\u00ed a bojem o jej\u00ed budoucnost str\u00e1vili v\u011bt\u0161inu sv\u00e9ho \u017eivota, za\u010d\u00ednaj\u00ed b\u00fdt z\u00a0ka\u017edodenn\u00ed p\u00e9\u010de unaven\u00ed a boj\u00ed se o Kat\u010dinu budoucnost, a\u017e tu oni sami nebudou.<\/span><\/p>\n<p><span style=\"color: #000000;\"><a class=\"dt-pswp-item\" href=\"https:\/\/www.tadytomamrad.cz\/wp-content\/uploads\/2023\/01\/postavy-na-web-07.png\" data-dt-img-description=\"\" data-large_image_width=\"4500\" data-large_image_height=\"4501\"><img loading=\"lazy\" decoding=\"async\" class=\"size-medium wp-image-2360 alignleft\" src=\"https:\/\/www.tadytomamrad.cz\/wp-content\/uploads\/2023\/01\/postavy-na-web-07-300x300.png\" alt=\"\" width=\"300\" height=\"300\" srcset=\"https:\/\/www.tadytomamrad.eu\/wp-content\/uploads\/2023\/01\/postavy-na-web-07-300x300.png 300w, https:\/\/www.tadytomamrad.eu\/wp-content\/uploads\/2023\/01\/postavy-na-web-07-1024x1024.png 1024w, https:\/\/www.tadytomamrad.eu\/wp-content\/uploads\/2023\/01\/postavy-na-web-07-150x150.png 150w, https:\/\/www.tadytomamrad.eu\/wp-content\/uploads\/2023\/01\/postavy-na-web-07-768x768.png 768w, https:\/\/www.tadytomamrad.eu\/wp-content\/uploads\/2023\/01\/postavy-na-web-07-1536x1536.png 1536w, https:\/\/www.tadytomamrad.eu\/wp-content\/uploads\/2023\/01\/postavy-na-web-07-2048x2048.png 2048w\" sizes=\"auto, (max-width: 300px) 100vw, 300px\" \/><\/a><strong>Sen o Nov\u00e9m domov\u011b<\/strong>, kde by Katka mohla \u017e\u00edt \u0161\u0165astn\u00fd \u017eivot s\u00a0m\u00edrou podpory, kter\u00e1 by j\u00ed umo\u017enila rozv\u00edjet sv\u016fj potenci\u00e1l k\u00a0co nejv\u011bt\u0161\u00ed samostatnosti, se zrodil p\u0159ed 12 lety. Rodi\u010de se tehdy spojili a zalo\u017eili organizaci Tady to m\u00e1m r\u00e1d. Z\u00edskali dotaci z Region\u00e1ln\u00edho opera\u010dn\u00edho programu na prvn\u00ed projekt chr\u00e1n\u011bn\u00e9ho bydlen\u00ed pro dosp\u011bl\u00e9 lidi s\u00a0autismem. Projekt byl p\u0159es ve\u0161kerou snahu zma\u0159en v roce 2013. P\u0159i\u0161la petice proti bydlen\u00ed ze strany budouc\u00edch soused\u016f a stavebn\u00ed \u00fa\u0159ad nevydal stavebn\u00ed povolen\u00ed. Dotaci musela organizace vr\u00e1tit. Ho\u0159k\u00e1 pachu\u0165 prvn\u00edho ne\u00fasp\u011bchu jim ale nevzala v\u00edtr z\u00a0plachet.<\/span><\/p>\n<p><span style=\"color: #000000;\">Jak p\u0159esv\u011bd\u010dit okol\u00ed, \u017ee bydlen\u00ed rodinn\u00e9ho typu je ta spr\u00e1vn\u00e1 cesta pro dosp\u011bl\u00e9 s\u00a0autismem?\u00a0 \u010clenov\u00e9 Tady to m\u00e1m r\u00e1d se zapojili do mezin\u00e1rodn\u00edho projektu, zam\u011b\u0159en\u00e9ho na \u0161\u00ed\u0159en\u00ed osv\u011bd\u010den\u00e9 praxe v p\u00e9\u010di o osoby s PAS. Ve \u0160pan\u011blsku a Irsku u\u017e tento typ slu\u017eby funguje \u0159adu let. Uji\u0161t\u011bn\u00ed, \u017ee vize bydlen\u00ed komunitn\u00edho typu je\u00a0<\/span><span style=\"color: #000000;\">spr\u00e1vn\u00e1, se stala hnac\u00edm motorem pro dal\u0161\u00ed projekt. \u010clenov\u00e9 spolku z\u00edskali cenn\u00e9 zku\u0161enosti a sd\u00edlen\u00ed dobr\u00e9 praxe se \u0161pan\u011blsk\u00fdmi partnery prob\u00edh\u00e1 \u010dile dodnes.<\/span><\/p>\n<p><strong><span style=\"color: #000000;\">A kone\u010dn\u011b nastal pr\u016flom!\u00a0<\/span><\/strong><\/p>\n<p><span style=\"color: #000000;\"><a class=\"dt-pswp-item\" href=\"https:\/\/www.tadytomamrad.cz\/wp-content\/uploads\/2023\/01\/Archiv-TTMR.jpg\" data-dt-img-description=\"\" data-large_image_width=\"1500\" data-large_image_height=\"1125\"><img loading=\"lazy\" decoding=\"async\" class=\"size-medium wp-image-2347 alignleft\" src=\"https:\/\/www.tadytomamrad.cz\/wp-content\/uploads\/2023\/01\/Archiv-TTMR-300x225.jpg\" alt=\"\" width=\"300\" height=\"225\" srcset=\"https:\/\/www.tadytomamrad.eu\/wp-content\/uploads\/2023\/01\/Archiv-TTMR-300x225.jpg 300w, https:\/\/www.tadytomamrad.eu\/wp-content\/uploads\/2023\/01\/Archiv-TTMR-1024x768.jpg 1024w, https:\/\/www.tadytomamrad.eu\/wp-content\/uploads\/2023\/01\/Archiv-TTMR-768x576.jpg 768w, https:\/\/www.tadytomamrad.eu\/wp-content\/uploads\/2023\/01\/Archiv-TTMR.jpg 1500w\" sizes=\"auto, (max-width: 300px) 100vw, 300px\" \/><\/a>V roce 2018 z\u00edskalo Tady to m\u00e1m r\u00e1d podporu Jihomoravsk\u00e9ho kraje ve form\u011b p\u0159\u00edslibu pov\u011b\u0159en\u00ed k v\u00fdkonu slu\u017eby v obecn\u00e9m hospod\u00e1\u0159sk\u00e9m z\u00e1jmu tedy provozu pobytov\u00e9 soci\u00e1ln\u00ed slu\u017eby. V roce 2019 byla organizace za\u0159azena do s\u00edt\u011b soci\u00e1ln\u00edch slu\u017eeb. Na\u0161li skv\u011bl\u00e9 m\u00edsto se vst\u0159\u00edcn\u00fdmi sousedy. Vypracovali projektovou \u017e\u00e1dost Nov\u00fd domov, celkov\u00e9 n\u00e1klady 26 582 450 K\u010d. V roce 2019 z\u00edskali dotaci v r\u00e1mci v\u00fdzvy IROP na rekonstrukci rodinn\u00e9ho domu ve v\u00fd\u0161i 14 850 827,50 K\u010d uznateln\u00fdch v\u00fddaj\u016f.<\/span><\/p>\n<p><span style=\"color: #000000;\">Na dofinancov\u00e1n\u00ed se v\u00fdznamnou m\u011brou pod\u00edlel Jihomoravsk\u00fd kraj a Magistr\u00e1t m\u011bsta Brna formou dotace a v\u011bt\u0161ina obc\u00ed z\u00a0ORP \u0160lapanice a DSO \u0160lapanicko formou dar\u016f a n\u00e1vratn\u00fdch finan\u010dn\u00edch v\u00fdpomoc\u00ed. P\u0159ipojila se \u0159ada firemn\u00edch a individu\u00e1ln\u00edch d\u00e1rc\u016f, ka\u017ed\u00e1 koruna pomohla.<\/span><\/p>\n<p><span style=\"color: #000000;\">Bez p\u0159edfinancov\u00e1n\u00ed, kter\u00e9 formou n\u00e1vratn\u00e9 finan\u010dn\u00ed v\u00fdpomoc\u00ed poskytl Magistr\u00e1t m\u011bsta Brna by nebylo mo\u017en\u00e9 projekt realizovat. Proto\u017ee pen\u00edze z\u00a0IROP jsou propl\u00e1ceny a\u017e na z\u00e1klad\u011b prok\u00e1zan\u00fdch (proplacen\u00fdch) v\u00fddaj\u016f.<\/span><\/p>\n<p><span style=\"color: #000000;\">Sen o Nov\u00e9m domov\u011b se pomalu za\u010dal st\u00e1vat skute\u010dnost\u00ed. V\u00a0prosinci 2022 byla stavba zkolaudov\u00e1na. Nyn\u00ed se intenzivn\u011b p\u0159ipravuj\u00ed podklady k\u00a0registraci slu\u017eby DOZP a prvn\u00ed obyvatel\u00e9 se mohou v\u00a0kv\u011btnu 2023 nast\u011bhovat. 18. ledna 2023 prob\u011bhlo p\u0159edstaven\u00ed Nov\u00e9ho domova z\u00e1stupc\u016fm JMK, MMB a obc\u00ed kter\u00e9 projekt podpo\u0159ili.<\/span><\/p>\n<p><strong><span style=\"color: #000000;\">Jak Nov\u00fd domov vypad\u00e1 a jak bude slu\u017eba fungovat?<\/span><\/strong><\/p>\n<div id=\"attachment_2358\" style=\"width: 1510px\" class=\"wp-caption alignnone\"><a class=\"dt-pswp-item\" href=\"https:\/\/www.tadytomamrad.cz\/wp-content\/uploads\/2023\/01\/Archiv-JMK-Dum-po-dokonceni.jpg\" data-dt-img-description=\"\" data-large_image_width=\"1500\" data-large_image_height=\"1000\"><img loading=\"lazy\" decoding=\"async\" aria-describedby=\"caption-attachment-2358\" class=\"wp-image-2358 size-large\" src=\"https:\/\/www.tadytomamrad.cz\/wp-content\/uploads\/2023\/01\/Archiv-JMK-Dum-po-dokonceni-1024x683.jpg\" alt=\"Archiv JMK\" width=\"1024\" height=\"683\" srcset=\"https:\/\/www.tadytomamrad.eu\/wp-content\/uploads\/2023\/01\/Archiv-JMK-Dum-po-dokonceni-1024x683.jpg 1024w, https:\/\/www.tadytomamrad.eu\/wp-content\/uploads\/2023\/01\/Archiv-JMK-Dum-po-dokonceni-300x200.jpg 300w, https:\/\/www.tadytomamrad.eu\/wp-content\/uploads\/2023\/01\/Archiv-JMK-Dum-po-dokonceni-768x512.jpg 768w, https:\/\/www.tadytomamrad.eu\/wp-content\/uploads\/2023\/01\/Archiv-JMK-Dum-po-dokonceni.jpg 1500w\" sizes=\"auto, (max-width: 1024px) 100vw, 1024px\" \/><\/a><p id=\"caption-attachment-2358\" class=\"wp-caption-text\">Archiv JMK<\/p><\/div>\n<p><span style=\"color: #000000;\">Nov\u00fd domov je v\u011bt\u0161\u00ed rodinn\u00fd d\u016fm, kter\u00fd disponuje \u0161esti jednol\u016f\u017ekov\u00fdmi pokoji, kter\u00e9 si ka\u017ed\u00fd z budouc\u00edch obyvatel dovybav\u00ed podle sv\u00e9ho vkusu. Nechyb\u00ed bezbari\u00e9rov\u00e9 koupelny a soci\u00e1ln\u00ed za\u0159\u00edzen\u00ed.<\/span><\/p>\n<p><span style=\"color: #000000;\">Srdcem domu je velk\u00e1 kuchyn\u011b s\u00a0ostr\u016fvkem, kter\u00fd usnadn\u00ed spolupr\u00e1ci p\u0159i p\u0159\u00edprav\u011b j\u00eddla. Budouc\u00ed obyvatel\u00e9 domu se budou na chodu dom\u00e1cnosti pod\u00edlet, v\u010detn\u011b sestavov\u00e1n\u00ed j\u00eddeln\u00ed\u010dku, n\u00e1kupu i p\u0159\u00edpravy j\u00eddla. Ka\u017ed\u00fd dle sv\u00fdch mo\u017enost\u00ed s\u00a0odpov\u00eddaj\u00edc\u00ed m\u00edrou podpory. Jedn\u00e1 se o dlouhodob\u00fd proces u\u010den\u00ed, tak\u017ee se ze za\u010d\u00e1tku nezapoj\u00ed do v\u0161ech aktivit v\u0161ichni, ale c\u00edlem je postupn\u00e9 zvy\u0161ov\u00e1n\u00ed samostatnosti v\u0161ech obyvatel.<\/span><\/p>\n<p><span style=\"color: #000000;\">Na kuchyni navazuje j\u00eddelna a \u010d\u00e1ste\u010dn\u011b odd\u011blen\u00fd ob\u00fdvac\u00ed pokoj. D\u016fle\u017eitou sou\u010d\u00e1st\u00ed jsou dv\u011b pracovny pro individu\u00e1ln\u00ed n\u00e1cviky zejm\u00e9na komunikace. \u010clenkou t\u00fdmu bude i klinick\u00e1 logopedka, kter\u00e1 se specializuje na rozvoj komunikace u lid\u00ed s\u00a0autismem.<\/span><\/p>\n<p><a class=\"dt-pswp-item\" href=\"https:\/\/www.tadytomamrad.cz\/wp-content\/uploads\/2023\/01\/Archiv-JMK-obyvaci-pokoj.jpg\" data-dt-img-description=\"\" data-large_image_width=\"1500\" data-large_image_height=\"1000\"><img loading=\"lazy\" decoding=\"async\" class=\"alignnone wp-image-2344 size-medium\" src=\"https:\/\/www.tadytomamrad.cz\/wp-content\/uploads\/2023\/01\/Archiv-JMK-obyvaci-pokoj-300x200.jpg\" alt=\"\" width=\"300\" height=\"200\" srcset=\"https:\/\/www.tadytomamrad.eu\/wp-content\/uploads\/2023\/01\/Archiv-JMK-obyvaci-pokoj-300x200.jpg 300w, https:\/\/www.tadytomamrad.eu\/wp-content\/uploads\/2023\/01\/Archiv-JMK-obyvaci-pokoj-1024x683.jpg 1024w, https:\/\/www.tadytomamrad.eu\/wp-content\/uploads\/2023\/01\/Archiv-JMK-obyvaci-pokoj-768x512.jpg 768w, https:\/\/www.tadytomamrad.eu\/wp-content\/uploads\/2023\/01\/Archiv-JMK-obyvaci-pokoj.jpg 1500w\" sizes=\"auto, (max-width: 300px) 100vw, 300px\" \/><\/a> <a class=\"dt-pswp-item\" href=\"https:\/\/www.tadytomamrad.cz\/wp-content\/uploads\/2023\/01\/Archiv-JMK-pokoj.jpg\" data-dt-img-description=\"\" data-large_image_width=\"1500\" data-large_image_height=\"1000\"><img loading=\"lazy\" decoding=\"async\" class=\"alignnone wp-image-2345 size-medium\" src=\"https:\/\/www.tadytomamrad.cz\/wp-content\/uploads\/2023\/01\/Archiv-JMK-pokoj-300x200.jpg\" alt=\"\" width=\"300\" height=\"200\" srcset=\"https:\/\/www.tadytomamrad.eu\/wp-content\/uploads\/2023\/01\/Archiv-JMK-pokoj-300x200.jpg 300w, https:\/\/www.tadytomamrad.eu\/wp-content\/uploads\/2023\/01\/Archiv-JMK-pokoj-1024x683.jpg 1024w, https:\/\/www.tadytomamrad.eu\/wp-content\/uploads\/2023\/01\/Archiv-JMK-pokoj-768x512.jpg 768w, https:\/\/www.tadytomamrad.eu\/wp-content\/uploads\/2023\/01\/Archiv-JMK-pokoj.jpg 1500w\" sizes=\"auto, (max-width: 300px) 100vw, 300px\" \/> <\/a><a class=\"dt-pswp-item\" href=\"https:\/\/www.tadytomamrad.cz\/wp-content\/uploads\/2023\/01\/Archiv-JMK-koupelna.jpg\" data-dt-img-description=\"\" data-large_image_width=\"1500\" data-large_image_height=\"1000\"><img loading=\"lazy\" decoding=\"async\" class=\"alignnone wp-image-2343 size-medium\" src=\"https:\/\/www.tadytomamrad.cz\/wp-content\/uploads\/2023\/01\/Archiv-JMK-koupelna-300x200.jpg\" alt=\"\" width=\"300\" height=\"200\" srcset=\"https:\/\/www.tadytomamrad.eu\/wp-content\/uploads\/2023\/01\/Archiv-JMK-koupelna-300x200.jpg 300w, https:\/\/www.tadytomamrad.eu\/wp-content\/uploads\/2023\/01\/Archiv-JMK-koupelna-1024x683.jpg 1024w, https:\/\/www.tadytomamrad.eu\/wp-content\/uploads\/2023\/01\/Archiv-JMK-koupelna-768x512.jpg 768w, https:\/\/www.tadytomamrad.eu\/wp-content\/uploads\/2023\/01\/Archiv-JMK-koupelna.jpg 1500w\" sizes=\"auto, (max-width: 300px) 100vw, 300px\" \/><\/a><\/p>\n<p><span style=\"color: #808080;\"><em>Fotografie interi\u00e9ru z archivu JMK.<\/em><\/span><\/p>\n<p><span style=\"color: #000000;\">Pro zaji\u0161t\u011bn\u00ed bezpe\u010dnosti p\u0159i podpo\u0159e maxim\u00e1ln\u00ed samostatnosti a zachov\u00e1n\u00ed soukrom\u00ed obyvatel domu jsou instalov\u00e1ny prvky syst\u00e9mu LOXONE (chytr\u00e9 dom\u00e1cnosti). Jedn\u00e1 se nap\u0159\u00edklad o senzor \u00faniku vody ve v\u0161ech koupeln\u00e1ch, magnetick\u00e9 kontakty otev\u00edr\u00e1n\u00ed dve\u0159\u00ed a oken, kter\u00e9 odes\u00edlaj\u00ed notifikace do chytr\u00e9ho telefonu. Kdy\u017e bude nap\u0159\u00edklad obyvatelka Tereza u sebe v\u00a0pokoji, ale otev\u0159e si francouzsk\u00e9 okno, proto\u017ee se chce j\u00edt pod\u00edvat co d\u011blaj\u00ed ostatn\u00ed na zahrad\u011b, upozorn\u00ed notifikace v\u00a0tabletu \u010di chytr\u00e9m telefonu asistenta a ten v\u00ed, \u017ee se Tereza p\u0159esouv\u00e1 na zahradu. Nen\u00ed tak nutn\u00e9, aby Terezu st\u00e1le n\u011bkdo \u201ehl\u00eddal\u201c a m\u016f\u017eeme j\u00ed dop\u0159\u00e1t v\u00edce svobody, kter\u00e1 v\u0161ak pro ni bude bezpe\u010dn\u00e1.<\/span><\/p>\n<p><span style=\"color: #000000;\">D\u016fle\u017eit\u00fdm prvkem jsou nap\u0159\u00edklad integrovan\u00e9 reproduktory, kter\u00e9 umo\u017e\u0148uj\u00ed nastaven\u00ed ur\u010dit\u00fdch zvuk\u016f, nahr\u00e1n\u00ed libovoln\u00fdch text\u016f \u010di melodi\u00ed. D\u00edky tomu lze natr\u00e9novat nap\u0159\u00edklad evakuaci osob z domu v\u00a0p\u0159\u00edpad\u011b po\u017e\u00e1ru spu\u0161t\u011bn\u00edm p\u00edsn\u011b \u201e<em>Pr\u0161\u00ed pr\u0161\u00ed<\/em>\u201c. V\u00a0p\u0159\u00edpad\u011b klasick\u00e9ho po\u017e\u00e1rn\u00edho hl\u00e1si\u010de se jedn\u00e1 o intenzivn\u00ed a velmi nep\u0159\u00edjemn\u00fd zvuk, na kter\u00fd v\u011bt\u0161ina lid\u00ed s\u00a0autismem reaguje pl\u00e1\u010dem a \u00fat\u011bkem do sv\u00e9ho pokoje nebo schov\u00e1n\u00edm se.<\/span><\/p>\n<p><span style=\"color: #000000;\">Technologie umo\u017e\u0148uje energetick\u00fd management domu d\u00edky propojen\u00ed v\u0161ech za\u0159\u00edzen\u00ed v\u00a0syst\u00e9mu. C\u00edlem je optim\u00e1ln\u00ed vyu\u017eit\u00ed energie. Nap\u0159\u00edklad d\u00edky automatick\u00e9mu nastaven\u00ed ovl\u00e1d\u00e1n\u00ed venkovn\u00edch \u017ealuzi\u00ed lze zamezit chladnut\u00ed domu v\u00a0zim\u011b, a naopak jeho p\u0159eh\u0159\u00edv\u00e1ni v\u00a0l\u00e9t\u011b.<\/span><\/p>\n<p><span style=\"color: #000000;\">D\u00edky neomezen\u00e9 mo\u017enosti aktualizace a adaptace nastaven\u00ed syst\u00e9mu se d\u016fm u\u010d\u00ed spolu s\u00a0jeho obyvateli.<\/span><\/p>\n<p><span style=\"color: #000000;\">Nov\u00fd domov pova\u017eujeme za pilotn\u00ed projekt, kter\u00fd pom\u016f\u017ee dal\u0161\u00edm projekt\u016fm podobn\u00e9ho typu. V\u011b\u0159\u00edme, \u017ee komunitn\u00ed pobytov\u00e9 slu\u017eby pro lidi s autismem budou nad\u00e1le p\u0159ib\u00fdvat.<\/span><\/p>\n<p><strong><span style=\"color: #0000ff;\">Podpo\u0159it \u010dinnost Tady to m\u00e1m r\u00e1d, z.s. m\u016f\u017eete p\u0159isp\u011bn\u00edm na transparentn\u00ed \u00fa\u010det ve\u0159ejn\u00e9 sb\u00edrky Nov\u00fd domov: 2501806212\/2010<\/span><\/strong><\/p>\n<p><span style=\"color: #000000;\">D\u00edky va\u0161\u00ed podpo\u0159e budeme moci upravit zahradu a dokoupit pot\u0159ebn\u00e9 vybaven\u00ed. D\u011bkujeme\u00a0<\/span><span class=\"emoji\">\u2764\ufe0f<\/span><\/p>\n<p>Za kr\u00e1sn\u00e9 momentky ze slavnostn\u00edho p\u0159edstaven\u00ed 18.1. d\u011bkujeme Lucii \u0160merdov\u00e9 <a href=\"https:\/\/www.smerdovi.cz\/cs\/\">smerdovi.cz<\/a><\/p>\n<p><a class=\"dt-pswp-item\" href=\"https:\/\/www.tadytomamrad.cz\/wp-content\/uploads\/2023\/01\/tady-to-mam-rad-14.jpg\" data-dt-img-description=\"\" data-large_image_width=\"1500\" data-large_image_height=\"998\"><img loading=\"lazy\" decoding=\"async\" class=\"alignnone size-medium wp-image-2353\" src=\"https:\/\/www.tadytomamrad.cz\/wp-content\/uploads\/2023\/01\/tady-to-mam-rad-14-300x200.jpg\" alt=\"\" width=\"300\" height=\"200\" srcset=\"https:\/\/www.tadytomamrad.eu\/wp-content\/uploads\/2023\/01\/tady-to-mam-rad-14-300x200.jpg 300w, https:\/\/www.tadytomamrad.eu\/wp-content\/uploads\/2023\/01\/tady-to-mam-rad-14-1024x681.jpg 1024w, https:\/\/www.tadytomamrad.eu\/wp-content\/uploads\/2023\/01\/tady-to-mam-rad-14-768x511.jpg 768w, https:\/\/www.tadytomamrad.eu\/wp-content\/uploads\/2023\/01\/tady-to-mam-rad-14.jpg 1500w\" sizes=\"auto, (max-width: 300px) 100vw, 300px\" \/><\/a><a class=\"dt-pswp-item\" href=\"https:\/\/www.tadytomamrad.cz\/wp-content\/uploads\/2023\/01\/tady-to-mam-rad-13.jpg\" data-dt-img-description=\"\" data-large_image_width=\"1500\" data-large_image_height=\"998\"><img loading=\"lazy\" decoding=\"async\" class=\"alignnone size-medium wp-image-2352\" src=\"https:\/\/www.tadytomamrad.cz\/wp-content\/uploads\/2023\/01\/tady-to-mam-rad-13-300x200.jpg\" alt=\"\" width=\"300\" height=\"200\" srcset=\"https:\/\/www.tadytomamrad.eu\/wp-content\/uploads\/2023\/01\/tady-to-mam-rad-13-300x200.jpg 300w, https:\/\/www.tadytomamrad.eu\/wp-content\/uploads\/2023\/01\/tady-to-mam-rad-13-1024x681.jpg 1024w, https:\/\/www.tadytomamrad.eu\/wp-content\/uploads\/2023\/01\/tady-to-mam-rad-13-768x511.jpg 768w, https:\/\/www.tadytomamrad.eu\/wp-content\/uploads\/2023\/01\/tady-to-mam-rad-13.jpg 1500w\" sizes=\"auto, (max-width: 300px) 100vw, 300px\" \/><\/a><a class=\"dt-pswp-item\" href=\"https:\/\/www.tadytomamrad.cz\/wp-content\/uploads\/2023\/01\/tady-to-mam-rad-10.jpg\" data-dt-img-description=\"\" data-large_image_width=\"1500\" data-large_image_height=\"998\"><img loading=\"lazy\" decoding=\"async\" class=\"alignnone size-medium wp-image-2351\" src=\"https:\/\/www.tadytomamrad.cz\/wp-content\/uploads\/2023\/01\/tady-to-mam-rad-10-300x200.jpg\" alt=\"\" width=\"300\" height=\"200\" srcset=\"https:\/\/www.tadytomamrad.eu\/wp-content\/uploads\/2023\/01\/tady-to-mam-rad-10-300x200.jpg 300w, https:\/\/www.tadytomamrad.eu\/wp-content\/uploads\/2023\/01\/tady-to-mam-rad-10-1024x681.jpg 1024w, https:\/\/www.tadytomamrad.eu\/wp-content\/uploads\/2023\/01\/tady-to-mam-rad-10-768x511.jpg 768w, https:\/\/www.tadytomamrad.eu\/wp-content\/uploads\/2023\/01\/tady-to-mam-rad-10.jpg 1500w\" sizes=\"auto, (max-width: 300px) 100vw, 300px\" \/><\/a><a class=\"dt-pswp-item\" href=\"https:\/\/www.tadytomamrad.cz\/wp-content\/uploads\/2023\/01\/tady-to-mam-rad-08.jpg\" data-dt-img-description=\"\" data-large_image_width=\"1500\" data-large_image_height=\"998\"><img loading=\"lazy\" decoding=\"async\" class=\"alignnone size-medium wp-image-2350\" src=\"https:\/\/www.tadytomamrad.cz\/wp-content\/uploads\/2023\/01\/tady-to-mam-rad-08-300x200.jpg\" alt=\"\" width=\"300\" height=\"200\" srcset=\"https:\/\/www.tadytomamrad.eu\/wp-content\/uploads\/2023\/01\/tady-to-mam-rad-08-300x200.jpg 300w, https:\/\/www.tadytomamrad.eu\/wp-content\/uploads\/2023\/01\/tady-to-mam-rad-08-1024x681.jpg 1024w, https:\/\/www.tadytomamrad.eu\/wp-content\/uploads\/2023\/01\/tady-to-mam-rad-08-768x511.jpg 768w, https:\/\/www.tadytomamrad.eu\/wp-content\/uploads\/2023\/01\/tady-to-mam-rad-08.jpg 1500w\" sizes=\"auto, (max-width: 300px) 100vw, 300px\" \/><\/a><a class=\"dt-pswp-item\" href=\"https:\/\/www.tadytomamrad.cz\/wp-content\/uploads\/2023\/01\/tady-to-mam-rad-06.jpg\" data-dt-img-description=\"\" data-large_image_width=\"1500\" data-large_image_height=\"998\"><img loading=\"lazy\" decoding=\"async\" class=\"alignnone size-medium wp-image-2349\" src=\"https:\/\/www.tadytomamrad.cz\/wp-content\/uploads\/2023\/01\/tady-to-mam-rad-06-300x200.jpg\" alt=\"\" width=\"300\" height=\"200\" srcset=\"https:\/\/www.tadytomamrad.eu\/wp-content\/uploads\/2023\/01\/tady-to-mam-rad-06-300x200.jpg 300w, https:\/\/www.tadytomamrad.eu\/wp-content\/uploads\/2023\/01\/tady-to-mam-rad-06-1024x681.jpg 1024w, https:\/\/www.tadytomamrad.eu\/wp-content\/uploads\/2023\/01\/tady-to-mam-rad-06-768x511.jpg 768w, https:\/\/www.tadytomamrad.eu\/wp-content\/uploads\/2023\/01\/tady-to-mam-rad-06.jpg 1500w\" sizes=\"auto, (max-width: 300px) 100vw, 300px\" \/><\/a><a class=\"dt-pswp-item\" href=\"https:\/\/www.tadytomamrad.cz\/wp-content\/uploads\/2023\/01\/tady-to-mam-rad-25.jpg\" data-dt-img-description=\"\" data-large_image_width=\"1500\" data-large_image_height=\"998\"><img loading=\"lazy\" decoding=\"async\" class=\"alignnone size-medium wp-image-2354\" src=\"https:\/\/www.tadytomamrad.cz\/wp-content\/uploads\/2023\/01\/tady-to-mam-rad-25-300x200.jpg\" alt=\"\" width=\"300\" height=\"200\" srcset=\"https:\/\/www.tadytomamrad.eu\/wp-content\/uploads\/2023\/01\/tady-to-mam-rad-25-300x200.jpg 300w, https:\/\/www.tadytomamrad.eu\/wp-content\/uploads\/2023\/01\/tady-to-mam-rad-25-1024x681.jpg 1024w, https:\/\/www.tadytomamrad.eu\/wp-content\/uploads\/2023\/01\/tady-to-mam-rad-25-768x511.jpg 768w, https:\/\/www.tadytomamrad.eu\/wp-content\/uploads\/2023\/01\/tady-to-mam-rad-25.jpg 1500w\" sizes=\"auto, (max-width: 300px) 100vw, 300px\" \/><\/a><a class=\"dt-pswp-item\" href=\"https:\/\/www.tadytomamrad.cz\/wp-content\/uploads\/2023\/01\/tady-to-mam-rad-41.jpg\" data-dt-img-description=\"\" data-large_image_width=\"1500\" data-large_image_height=\"998\"><img loading=\"lazy\" decoding=\"async\" class=\"alignnone size-medium wp-image-2357\" src=\"https:\/\/www.tadytomamrad.cz\/wp-content\/uploads\/2023\/01\/tady-to-mam-rad-41-300x200.jpg\" alt=\"\" width=\"300\" height=\"200\" srcset=\"https:\/\/www.tadytomamrad.eu\/wp-content\/uploads\/2023\/01\/tady-to-mam-rad-41-300x200.jpg 300w, https:\/\/www.tadytomamrad.eu\/wp-content\/uploads\/2023\/01\/tady-to-mam-rad-41-1024x681.jpg 1024w, https:\/\/www.tadytomamrad.eu\/wp-content\/uploads\/2023\/01\/tady-to-mam-rad-41-768x511.jpg 768w, https:\/\/www.tadytomamrad.eu\/wp-content\/uploads\/2023\/01\/tady-to-mam-rad-41.jpg 1500w\" sizes=\"auto, (max-width: 300px) 100vw, 300px\" \/><\/a><a class=\"dt-pswp-item\" href=\"https:\/\/www.tadytomamrad.cz\/wp-content\/uploads\/2023\/01\/tady-to-mam-rad-40.jpg\" data-dt-img-description=\"\" data-large_image_width=\"1500\" data-large_image_height=\"998\"><img loading=\"lazy\" decoding=\"async\" class=\"alignnone size-medium wp-image-2356\" src=\"https:\/\/www.tadytomamrad.cz\/wp-content\/uploads\/2023\/01\/tady-to-mam-rad-40-300x200.jpg\" alt=\"\" width=\"300\" height=\"200\" srcset=\"https:\/\/www.tadytomamrad.eu\/wp-content\/uploads\/2023\/01\/tady-to-mam-rad-40-300x200.jpg 300w, https:\/\/www.tadytomamrad.eu\/wp-content\/uploads\/2023\/01\/tady-to-mam-rad-40-1024x681.jpg 1024w, https:\/\/www.tadytomamrad.eu\/wp-content\/uploads\/2023\/01\/tady-to-mam-rad-40-768x511.jpg 768w, https:\/\/www.tadytomamrad.eu\/wp-content\/uploads\/2023\/01\/tady-to-mam-rad-40.jpg 1500w\" sizes=\"auto, (max-width: 300px) 100vw, 300px\" \/><\/a><a class=\"dt-pswp-item\" href=\"https:\/\/www.tadytomamrad.cz\/wp-content\/uploads\/2023\/01\/tady-to-mam-rad-26.jpg\" data-dt-img-description=\"\" data-large_image_width=\"1500\" data-large_image_height=\"998\"><img loading=\"lazy\" decoding=\"async\" class=\"alignnone size-medium wp-image-2355\" src=\"https:\/\/www.tadytomamrad.cz\/wp-content\/uploads\/2023\/01\/tady-to-mam-rad-26-300x200.jpg\" alt=\"\" width=\"300\" height=\"200\" srcset=\"https:\/\/www.tadytomamrad.eu\/wp-content\/uploads\/2023\/01\/tady-to-mam-rad-26-300x200.jpg 300w, https:\/\/www.tadytomamrad.eu\/wp-content\/uploads\/2023\/01\/tady-to-mam-rad-26-1024x681.jpg 1024w, https:\/\/www.tadytomamrad.eu\/wp-content\/uploads\/2023\/01\/tady-to-mam-rad-26-768x511.jpg 768w, https:\/\/www.tadytomamrad.eu\/wp-content\/uploads\/2023\/01\/tady-to-mam-rad-26.jpg 1500w\" sizes=\"auto, (max-width: 300px) 100vw, 300px\" \/><\/a><\/p>\n","protected":false},"excerpt":{"rendered":"<p>Kdy\u017e se v roce 1993 narodila Katka, kr\u00e1sn\u00e1 tmavovlas\u00e1 hol\u010di\u010dka, nic nenasv\u011bd\u010dovalo tomu, \u017ee by m\u011bla byla n\u011b\u010d\u00edm jin\u00e1, ne\u017e ostatn\u00ed d\u011bti v porodnici nebo jej\u00ed star\u0161\u00ed sest\u0159i\u010dka, kter\u00e1 se u\u017e na ni t\u011b\u0161ila doma. Bohu\u017eel se pom\u011brn\u011b brzy za\u010daly projevovat odli\u0161nosti v jej\u00edm ment\u00e1ln\u00edm v\u00fdvoji a v p\u011bti letech byl Katce diagnostikov\u00e1n autismus. Kat\u010diny&hellip;<\/p>\n","protected":false},"author":3,"featured_media":2355,"comment_status":"closed","ping_status":"closed","sticky":false,"template":"","format":"standard","meta":{"footnotes":""},"categories":[],"tags":[],"class_list":["post-2342","post","type-post","status-publish","format-standard","has-post-thumbnail","hentry","description-off"],"_links":{"self":[{"href":"https:\/\/www.tadytomamrad.eu\/index.php?rest_route=\/wp\/v2\/posts\/2342","targetHints":{"allow":["GET"]}}],"collection":[{"href":"https:\/\/www.tadytomamrad.eu\/index.php?rest_route=\/wp\/v2\/posts"}],"about":[{"href":"https:\/\/www.tadytomamrad.eu\/index.php?rest_route=\/wp\/v2\/types\/post"}],"author":[{"embeddable":true,"href":"https:\/\/www.tadytomamrad.eu\/index.php?rest_route=\/wp\/v2\/users\/3"}],"replies":[{"embeddable":true,"href":"https:\/\/www.tadytomamrad.eu\/index.php?rest_route=%2Fwp%2Fv2%2Fcomments&post=2342"}],"version-history":[{"count":4,"href":"https:\/\/www.tadytomamrad.eu\/index.php?rest_route=\/wp\/v2\/posts\/2342\/revisions"}],"predecessor-version":[{"id":2365,"href":"https:\/\/www.tadytomamrad.eu\/index.php?rest_route=\/wp\/v2\/posts\/2342\/revisions\/2365"}],"wp:featuredmedia":[{"embeddable":true,"href":"https:\/\/www.tadytomamrad.eu\/index.php?rest_route=\/wp\/v2\/media\/2355"}],"wp:attachment":[{"href":"https:\/\/www.tadytomamrad.eu\/index.php?rest_route=%2Fwp%2Fv2%2Fmedia&parent=2342"}],"wp:term":[{"taxonomy":"category","embeddable":true,"href":"https:\/\/www.tadytomamrad.eu\/index.php?rest_route=%2Fwp%2Fv2%2Fcategories&post=2342"},{"taxonomy":"post_tag","embeddable":true,"href":"https:\/\/www.tadytomamrad.eu\/index.php?rest_route=%2Fwp%2Fv2%2Ftags&post=2342"}],"curies":[{"name":"wp","href":"https:\/\/api.w.org\/{rel}","templated":true}]}}