{"id":2251,"date":"2022-03-21T21:29:22","date_gmt":"2022-03-21T20:29:22","guid":{"rendered":"https:\/\/www.tadytomamrad.cz\/?p=2251"},"modified":"2022-03-21T21:31:48","modified_gmt":"2022-03-21T20:31:48","slug":"varim-pro-dobrou-vec-na-co-se-muzete-tesit","status":"publish","type":"post","link":"https:\/\/www.tadytomamrad.eu\/?p=2251","title":{"rendered":"Va\u0159\u00edm pro dobrou v\u011bc! Na co se m\u016f\u017eete t\u011b\u0161it?"},"content":{"rendered":"<p>C\u00edlem festivalu je spojen\u00ed skv\u011bl\u00e9ho j\u00eddla a podpory lid\u00ed s autismem.<\/p>\n<p>Ka\u017ed\u00fdm n\u00e1kupem na festivalu p\u0159isp\u011bjete na realizaci Nov\u00e9ho domova pro dosp\u011bl\u00e9 s autismem, komunitn\u00ed soci\u00e1ln\u00ed pobytov\u00e9 slu\u017eby. C\u00edlem Nov\u00e9ho domova je, aby jeho obyvatel\u00e9 \u017eili \u017eivot co nejv\u00edce podobn\u00fd \u017eivotu b\u011b\u017en\u00fdch lid\u00ed. Aby se mohli co nejsamostatn\u011bji starat o svou dom\u00e1cnost, aby se mohli svobodn\u011b rozhodovat a pl\u00e1novat si sv\u016fj \u017eivot.<\/p>\n<p>Vstupn\u00e9 na akci je zdarma. Akce se kon\u00e1 za ka\u017ed\u00e9ho po\u010das\u00ed.<\/p>\n<p>Benefi\u010dn\u00ed food festival Va\u0159\u00edm pro dobrou v\u011bc podpo\u0159\u00ed tak\u00e9 \u00fa\u010dastn\u00edci televizn\u00ed kulin\u00e1\u0159sk\u00e9 sout\u011b\u017ee MasterChef \u010cesko 2020 a 2021. N\u00e1v\u0161t\u011bvn\u00edci festivalu tak budou m\u00edt mo\u017enost na vlastn\u00ed o\u010di vid\u011bt, jak va\u0159\u00ed nejlep\u0161\u00ed amat\u00e9r\u0161t\u00ed kucha\u0159i \u010ceska a ochutnat j\u00eddla, kter\u00e1 na m\u00edst\u011b p\u0159iprav\u00ed: Evi Tome\u010dkov\u00e1 a Pepa Nemrava a jejich tradi\u010dn\u00ed \u010desk\u00e1 kuchyn\u011b v\u00a0modern\u00edm pojet\u00ed. Petra Vindy\u0161ov\u00e1 a Petr Smazal p\u0159iprav\u00ed mexick\u00e9 speciality a u Mariana Maro\u0161e B\u00e1chora ochutn\u00e1te tradi\u010dn\u00ed krkono\u0161sk\u00e9 speciality. Va\u0161ek \u0160tursa uva\u0159\u00ed skv\u011bl\u00fd pivn\u00ed speci\u00e1l Tuxedo.<\/p>\n<p>T\u011b\u0161it se m\u016f\u017eete na skv\u011bl\u00e9 brn\u011bnsk\u00e9 podniky. S\u00a0porchettou p\u0159ijede Element, indi\u00ed se inspiruje catering Lid\u00ed z\u00a0Baru \u00dapln\u011b v\u0161ude, na sladk\u00e9 si p\u0159ijdete t\u0159eba u Kobliha Brno, Makronky od Hanky a \u0159ada dal\u0161\u00edch brn\u011bnsk\u00fdch foodies, kompletn\u00ed seznam najdete na <a href=\"https:\/\/www.varimprodobrouvec.cz\/\">https:\/\/www.varimprodobrouvec.cz\/<\/a><\/p>\n<p>P\u0159ipravujeme bohat\u00fd doprovodn\u00fd program a cel\u00fd den V\u00e1s tak bude prov\u00e1zet hudba, um\u011bn\u00ed i cooking shows. T\u011b\u0161\u00edme se na v\u00e1s!<\/p>\n<p><a class=\"dt-pswp-item\" href=\"https:\/\/www.tadytomamrad.cz\/wp-content\/uploads\/2022\/03\/festival22_program.jpg\" data-dt-img-description=\"\" data-large_image_width=\"1414\" data-large_image_height=\"2000\"><img loading=\"lazy\" decoding=\"async\" class=\"alignnone size-medium wp-image-2252\" src=\"https:\/\/www.tadytomamrad.cz\/wp-content\/uploads\/2022\/03\/festival22_program-212x300.jpg\" alt=\"\" width=\"212\" height=\"300\" srcset=\"https:\/\/www.tadytomamrad.eu\/wp-content\/uploads\/2022\/03\/festival22_program-212x300.jpg 212w, https:\/\/www.tadytomamrad.eu\/wp-content\/uploads\/2022\/03\/festival22_program-724x1024.jpg 724w, https:\/\/www.tadytomamrad.eu\/wp-content\/uploads\/2022\/03\/festival22_program-768x1086.jpg 768w, https:\/\/www.tadytomamrad.eu\/wp-content\/uploads\/2022\/03\/festival22_program-1086x1536.jpg 1086w, https:\/\/www.tadytomamrad.eu\/wp-content\/uploads\/2022\/03\/festival22_program.jpg 1414w\" sizes=\"auto, (max-width: 212px) 100vw, 212px\" \/><\/a><\/p>\n","protected":false},"excerpt":{"rendered":"<p>C\u00edlem festivalu je spojen\u00ed skv\u011bl\u00e9ho j\u00eddla a podpory lid\u00ed s autismem. Ka\u017ed\u00fdm n\u00e1kupem na festivalu p\u0159isp\u011bjete na realizaci Nov\u00e9ho domova pro dosp\u011bl\u00e9 s autismem, komunitn\u00ed soci\u00e1ln\u00ed pobytov\u00e9 slu\u017eby. C\u00edlem Nov\u00e9ho domova je, aby jeho obyvatel\u00e9 \u017eili \u017eivot co nejv\u00edce podobn\u00fd \u017eivotu b\u011b\u017en\u00fdch lid\u00ed. Aby se mohli co nejsamostatn\u011bji starat o svou dom\u00e1cnost, aby se mohli&hellip;<\/p>\n","protected":false},"author":4,"featured_media":2252,"comment_status":"closed","ping_status":"closed","sticky":false,"template":"","format":"standard","meta":{"footnotes":""},"categories":[],"tags":[],"class_list":["post-2251","post","type-post","status-publish","format-standard","has-post-thumbnail","hentry","description-off"],"_links":{"self":[{"href":"https:\/\/www.tadytomamrad.eu\/index.php?rest_route=\/wp\/v2\/posts\/2251","targetHints":{"allow":["GET"]}}],"collection":[{"href":"https:\/\/www.tadytomamrad.eu\/index.php?rest_route=\/wp\/v2\/posts"}],"about":[{"href":"https:\/\/www.tadytomamrad.eu\/index.php?rest_route=\/wp\/v2\/types\/post"}],"author":[{"embeddable":true,"href":"https:\/\/www.tadytomamrad.eu\/index.php?rest_route=\/wp\/v2\/users\/4"}],"replies":[{"embeddable":true,"href":"https:\/\/www.tadytomamrad.eu\/index.php?rest_route=%2Fwp%2Fv2%2Fcomments&post=2251"}],"version-history":[{"count":2,"href":"https:\/\/www.tadytomamrad.eu\/index.php?rest_route=\/wp\/v2\/posts\/2251\/revisions"}],"predecessor-version":[{"id":2254,"href":"https:\/\/www.tadytomamrad.eu\/index.php?rest_route=\/wp\/v2\/posts\/2251\/revisions\/2254"}],"wp:featuredmedia":[{"embeddable":true,"href":"https:\/\/www.tadytomamrad.eu\/index.php?rest_route=\/wp\/v2\/media\/2252"}],"wp:attachment":[{"href":"https:\/\/www.tadytomamrad.eu\/index.php?rest_route=%2Fwp%2Fv2%2Fmedia&parent=2251"}],"wp:term":[{"taxonomy":"category","embeddable":true,"href":"https:\/\/www.tadytomamrad.eu\/index.php?rest_route=%2Fwp%2Fv2%2Fcategories&post=2251"},{"taxonomy":"post_tag","embeddable":true,"href":"https:\/\/www.tadytomamrad.eu\/index.php?rest_route=%2Fwp%2Fv2%2Ftags&post=2251"}],"curies":[{"name":"wp","href":"https:\/\/api.w.org\/{rel}","templated":true}]}}