{"id":2123,"date":"2019-05-29T14:57:33","date_gmt":"2019-05-29T12:57:33","guid":{"rendered":"https:\/\/the7.io\/church\/?p=50"},"modified":"2021-05-25T21:40:59","modified_gmt":"2021-05-25T19:40:59","slug":"consectetur-adipisicing-elit-sed-do-eiusmod-tempor","status":"publish","type":"post","link":"https:\/\/www.tadytomamrad.eu\/?p=2123","title":{"rendered":"D\u00edky obc\u00edm v ORP \u0160lapanice jedeme d\u00e1l"},"content":{"rendered":"<p>[vc_row][vc_column][vc_column_text]P\u0159es velikou snahu a ro\u010dn\u00ed jedn\u00e1n\u00ed s bankami se n\u00e1m nepoda\u0159ilo z\u00edskat bankovn\u00ed \u00fav\u011br na dofinancov\u00e1n\u00ed Nov\u00e9ho domova pro dosp\u011bl\u00e9 lidi s autismem. Kdy\u017e u\u017e jsme za\u010d\u00ednali vid\u011bt v\u0161e \u010dern\u011b, podaly n\u00e1m pomocnou ruku obce v ORP \u0160lapanice. D\u00edky jejich pomoci v\u00edme, \u017ee Nov\u00fd domov bude m\u00edt \u0161\u0165astn\u00fd konec.<\/p>\n<p>Od \u00fanora prob\u00edhaj\u00ed jedn\u00e1n\u00ed s jednotliv\u00fdmi obcemi. K dne\u0161n\u00edmu dni Nov\u00fd domov podpo\u0159ilo dvacet obc\u00ed, v dal\u0161\u00edch dvaceti pokra\u010duj\u00ed jedn\u00e1n\u00ed o mo\u017en\u00e9 podpo\u0159e formou n\u00e1vratn\u00e9 finan\u010dn\u00ed v\u00fdpomoci \u010di daru.<\/p>\n<p>Velmi si v\u00e1\u017e\u00edme podpory m\u00edstn\u00edch zastupitelstev a starost\u016f. Bydlen\u00ed rodinn\u00e9ho typu by se m\u011blo st\u00e1t do budoucna normou a ne vz\u00e1cn\u00fdm \u00fakazem. Spole\u010dn\u011b dok\u00e1\u017eeme cokoliv.[\/vc_column_text][\/vc_column][\/vc_row]<\/p>\n","protected":false},"excerpt":{"rendered":"<p>[vc_row][vc_column][vc_column_text]P\u0159es velikou snahu a ro\u010dn\u00ed jedn\u00e1n\u00ed s bankami se n\u00e1m nepoda\u0159ilo z\u00edskat bankovn\u00ed \u00fav\u011br na dofinancov\u00e1n\u00ed Nov\u00e9ho domova pro dosp\u011bl\u00e9 lidi s autismem. Kdy\u017e u\u017e jsme za\u010d\u00ednali vid\u011bt v\u0161e \u010dern\u011b, podaly n\u00e1m pomocnou ruku obce v ORP \u0160lapanice. D\u00edky jejich pomoci v\u00edme, \u017ee Nov\u00fd domov bude m\u00edt \u0161\u0165astn\u00fd konec. Od \u00fanora prob\u00edhaj\u00ed jedn\u00e1n\u00ed s jednotliv\u00fdmi&hellip;<\/p>\n","protected":false},"author":3,"featured_media":2135,"comment_status":"open","ping_status":"open","sticky":false,"template":"","format":"standard","meta":{"footnotes":""},"categories":[],"tags":[],"class_list":["post-2123","post","type-post","status-publish","format-standard","has-post-thumbnail","hentry","description-off"],"_links":{"self":[{"href":"https:\/\/www.tadytomamrad.eu\/index.php?rest_route=\/wp\/v2\/posts\/2123","targetHints":{"allow":["GET"]}}],"collection":[{"href":"https:\/\/www.tadytomamrad.eu\/index.php?rest_route=\/wp\/v2\/posts"}],"about":[{"href":"https:\/\/www.tadytomamrad.eu\/index.php?rest_route=\/wp\/v2\/types\/post"}],"author":[{"embeddable":true,"href":"https:\/\/www.tadytomamrad.eu\/index.php?rest_route=\/wp\/v2\/users\/3"}],"replies":[{"embeddable":true,"href":"https:\/\/www.tadytomamrad.eu\/index.php?rest_route=%2Fwp%2Fv2%2Fcomments&post=2123"}],"version-history":[{"count":3,"href":"https:\/\/www.tadytomamrad.eu\/index.php?rest_route=\/wp\/v2\/posts\/2123\/revisions"}],"predecessor-version":[{"id":2136,"href":"https:\/\/www.tadytomamrad.eu\/index.php?rest_route=\/wp\/v2\/posts\/2123\/revisions\/2136"}],"wp:featuredmedia":[{"embeddable":true,"href":"https:\/\/www.tadytomamrad.eu\/index.php?rest_route=\/wp\/v2\/media\/2135"}],"wp:attachment":[{"href":"https:\/\/www.tadytomamrad.eu\/index.php?rest_route=%2Fwp%2Fv2%2Fmedia&parent=2123"}],"wp:term":[{"taxonomy":"category","embeddable":true,"href":"https:\/\/www.tadytomamrad.eu\/index.php?rest_route=%2Fwp%2Fv2%2Fcategories&post=2123"},{"taxonomy":"post_tag","embeddable":true,"href":"https:\/\/www.tadytomamrad.eu\/index.php?rest_route=%2Fwp%2Fv2%2Ftags&post=2123"}],"curies":[{"name":"wp","href":"https:\/\/api.w.org\/{rel}","templated":true}]}}